{"id":16792,"date":"2021-05-28T14:09:44","date_gmt":"2021-05-28T17:09:44","guid":{"rendered":"http:\/\/pedroleopoldo.mg.gov.br\/?p=16792"},"modified":"2021-05-28T14:09:48","modified_gmt":"2021-05-28T17:09:48","slug":"praca-da-estacao-ganha-nova-iluminacao","status":"publish","type":"post","link":"https:\/\/arquivo.pedroleopoldo.mg.gov.br\/?p=16792","title":{"rendered":"Pra\u00e7a da Esta\u00e7\u00e3o ganha nova ilumina\u00e7\u00e3o"},"content":{"rendered":"\n<p>Esta semana a Prefeitura de Pedro Leopoldo, atrav\u00e9s da Secretaria de Cultura, concluiu a ilumina\u00e7\u00e3o do Pr\u00e9dio da Esta\u00e7\u00e3o. Estamos aprimorando cada vez mais este lindo patrim\u00f4nio do nosso munic\u00edpio! E est\u00e1 ficando lindo!<\/p>\n","protected":false},"excerpt":{"rendered":"<p>Esta semana a Prefeitura de Pedro Leopoldo, atrav\u00e9s da Secretaria de Cultura, concluiu a ilumina\u00e7\u00e3o do Pr\u00e9dio da Esta\u00e7\u00e3o. Estamos aprimorando cada vez mais este lindo patrim\u00f4nio do nosso munic\u00edpio! E est\u00e1 ficando lindo!<\/p>\n","protected":false},"author":1,"featured_media":16793,"comment_status":"closed","ping_status":"closed","sticky":false,"template":"","format":"standard","meta":{"footnotes":""},"categories":[4],"tags":[],"_links":{"self":[{"href":"https:\/\/arquivo.pedroleopoldo.mg.gov.br\/index.php?rest_route=\/wp\/v2\/posts\/16792"}],"collection":[{"href":"https:\/\/arquivo.pedroleopoldo.mg.gov.br\/index.php?rest_route=\/wp\/v2\/posts"}],"about":[{"href":"https:\/\/arquivo.pedroleopoldo.mg.gov.br\/index.php?rest_route=\/wp\/v2\/types\/post"}],"author":[{"embeddable":true,"href":"https:\/\/arquivo.pedroleopoldo.mg.gov.br\/index.php?rest_route=\/wp\/v2\/users\/1"}],"replies":[{"embeddable":true,"href":"https:\/\/arquivo.pedroleopoldo.mg.gov.br\/index.php?rest_route=%2Fwp%2Fv2%2Fcomments&post=16792"}],"version-history":[{"count":0,"href":"https:\/\/arquivo.pedroleopoldo.mg.gov.br\/index.php?rest_route=\/wp\/v2\/posts\/16792\/revisions"}],"wp:featuredmedia":[{"embeddable":true,"href":"https:\/\/arquivo.pedroleopoldo.mg.gov.br\/index.php?rest_route=\/wp\/v2\/media\/16793"}],"wp:attachment":[{"href":"https:\/\/arquivo.pedroleopoldo.mg.gov.br\/index.php?rest_route=%2Fwp%2Fv2%2Fmedia&parent=16792"}],"wp:term":[{"taxonomy":"category","embeddable":true,"href":"https:\/\/arquivo.pedroleopoldo.mg.gov.br\/index.php?rest_route=%2Fwp%2Fv2%2Fcategories&post=16792"},{"taxonomy":"post_tag","embeddable":true,"href":"https:\/\/arquivo.pedroleopoldo.mg.gov.br\/index.php?rest_route=%2Fwp%2Fv2%2Ftags&post=16792"}],"curies":[{"name":"wp","href":"https:\/\/api.w.org\/{rel}","templated":true}]}}