{"id":16450,"date":"2021-05-06T14:00:14","date_gmt":"2021-05-06T17:00:14","guid":{"rendered":"http:\/\/pedroleopoldo.mg.gov.br\/?p=16450"},"modified":"2021-05-06T14:00:19","modified_gmt":"2021-05-06T17:00:19","slug":"predio-da-prefeitura-passa-por-desinfeccao","status":"publish","type":"post","link":"https:\/\/arquivo.pedroleopoldo.mg.gov.br\/?p=16450","title":{"rendered":"Pr\u00e9dio da prefeitura passa por desinfec\u00e7\u00e3o"},"content":{"rendered":"\n<p>Nesta quarta-feira, 05 de maio, o pr\u00e9dio da Prefeitura de Pedro Leopoldo passou por uma completa desinfec\u00e7\u00e3o em todos os setores. <\/p>\n\n\n\n<p>A a\u00e7\u00e3o preventiva tem por objetivo proporcionar mais seguran\u00e7a aos servidores e \u00e0 popula\u00e7\u00e3o. Os servi\u00e7os do setor de protocolos de sa\u00fade que estavam agendados para o dia 05\/05  foram transferidos para esta quinta-feira, 06, em seus respectivos hor\u00e1rios.<\/p>\n\n\n\n<figure class=\"wp-block-gallery columns-2 is-cropped wp-block-gallery-1 is-layout-flex wp-block-gallery-is-layout-flex\"><ul class=\"blocks-gallery-grid\"><li class=\"blocks-gallery-item\"><figure><img decoding=\"async\" loading=\"lazy\" width=\"640\" height=\"642\" src=\"http:\/\/pedroleopoldo.mg.gov.br\/wp-content\/uploads\/2021\/05\/WhatsApp-Image-2021-05-06-at-13.57.37-1.jpeg\" alt=\"\" data-id=\"16453\" data-full-url=\"http:\/\/pedroleopoldo.mg.gov.br\/wp-content\/uploads\/2021\/05\/WhatsApp-Image-2021-05-06-at-13.57.37-1.jpeg\" data-link=\"http:\/\/pedroleopoldo.mg.gov.br\/?attachment_id=16453\" class=\"wp-image-16453\" srcset=\"https:\/\/arquivo.pedroleopoldo.mg.gov.br\/wp-content\/uploads\/2021\/05\/WhatsApp-Image-2021-05-06-at-13.57.37-1.jpeg 640w, https:\/\/arquivo.pedroleopoldo.mg.gov.br\/wp-content\/uploads\/2021\/05\/WhatsApp-Image-2021-05-06-at-13.57.37-1-300x300.jpeg 300w, https:\/\/arquivo.pedroleopoldo.mg.gov.br\/wp-content\/uploads\/2021\/05\/WhatsApp-Image-2021-05-06-at-13.57.37-1-150x150.jpeg 150w\" sizes=\"(max-width: 640px) 100vw, 640px\" \/><\/figure><\/li><li class=\"blocks-gallery-item\"><figure><img decoding=\"async\" loading=\"lazy\" width=\"640\" height=\"634\" src=\"http:\/\/pedroleopoldo.mg.gov.br\/wp-content\/uploads\/2021\/05\/WhatsApp-Image-2021-05-06-at-13.57.37.jpeg\" alt=\"\" data-id=\"16454\" data-full-url=\"http:\/\/pedroleopoldo.mg.gov.br\/wp-content\/uploads\/2021\/05\/WhatsApp-Image-2021-05-06-at-13.57.37.jpeg\" data-link=\"http:\/\/pedroleopoldo.mg.gov.br\/?attachment_id=16454\" class=\"wp-image-16454\" srcset=\"https:\/\/arquivo.pedroleopoldo.mg.gov.br\/wp-content\/uploads\/2021\/05\/WhatsApp-Image-2021-05-06-at-13.57.37.jpeg 640w, https:\/\/arquivo.pedroleopoldo.mg.gov.br\/wp-content\/uploads\/2021\/05\/WhatsApp-Image-2021-05-06-at-13.57.37-300x297.jpeg 300w, https:\/\/arquivo.pedroleopoldo.mg.gov.br\/wp-content\/uploads\/2021\/05\/WhatsApp-Image-2021-05-06-at-13.57.37-150x150.jpeg 150w\" sizes=\"(max-width: 640px) 100vw, 640px\" \/><\/figure><\/li><li class=\"blocks-gallery-item\"><figure><img decoding=\"async\" loading=\"lazy\" width=\"640\" height=\"627\" src=\"http:\/\/pedroleopoldo.mg.gov.br\/wp-content\/uploads\/2021\/05\/WhatsApp-Image-2021-05-06-at-13.57.38-1.jpeg\" alt=\"\" data-id=\"16455\" data-full-url=\"http:\/\/pedroleopoldo.mg.gov.br\/wp-content\/uploads\/2021\/05\/WhatsApp-Image-2021-05-06-at-13.57.38-1.jpeg\" data-link=\"http:\/\/pedroleopoldo.mg.gov.br\/?attachment_id=16455\" class=\"wp-image-16455\" srcset=\"https:\/\/arquivo.pedroleopoldo.mg.gov.br\/wp-content\/uploads\/2021\/05\/WhatsApp-Image-2021-05-06-at-13.57.38-1.jpeg 640w, https:\/\/arquivo.pedroleopoldo.mg.gov.br\/wp-content\/uploads\/2021\/05\/WhatsApp-Image-2021-05-06-at-13.57.38-1-300x294.jpeg 300w\" sizes=\"(max-width: 640px) 100vw, 640px\" \/><\/figure><\/li><li class=\"blocks-gallery-item\"><figure><img decoding=\"async\" loading=\"lazy\" width=\"640\" height=\"639\" src=\"http:\/\/pedroleopoldo.mg.gov.br\/wp-content\/uploads\/2021\/05\/WhatsApp-Image-2021-05-06-at-13.57.38.jpeg\" alt=\"\" data-id=\"16456\" data-full-url=\"http:\/\/pedroleopoldo.mg.gov.br\/wp-content\/uploads\/2021\/05\/WhatsApp-Image-2021-05-06-at-13.57.38.jpeg\" data-link=\"http:\/\/pedroleopoldo.mg.gov.br\/?attachment_id=16456\" class=\"wp-image-16456\" srcset=\"https:\/\/arquivo.pedroleopoldo.mg.gov.br\/wp-content\/uploads\/2021\/05\/WhatsApp-Image-2021-05-06-at-13.57.38.jpeg 640w, https:\/\/arquivo.pedroleopoldo.mg.gov.br\/wp-content\/uploads\/2021\/05\/WhatsApp-Image-2021-05-06-at-13.57.38-300x300.jpeg 300w, https:\/\/arquivo.pedroleopoldo.mg.gov.br\/wp-content\/uploads\/2021\/05\/WhatsApp-Image-2021-05-06-at-13.57.38-150x150.jpeg 150w\" sizes=\"(max-width: 640px) 100vw, 640px\" \/><\/figure><\/li><\/ul><\/figure>\n","protected":false},"excerpt":{"rendered":"<p>Nesta quarta-feira, 05 de maio, o pr\u00e9dio da Prefeitura de Pedro Leopoldo passou por uma completa desinfec\u00e7\u00e3o em todos os setores. A a\u00e7\u00e3o preventiva tem por objetivo proporcionar mais seguran\u00e7a aos servidores e \u00e0 popula\u00e7\u00e3o. Os servi\u00e7os do setor de protocolos de sa\u00fade que estavam agendados para o dia 05\/05 foram transferidos para esta quinta-feira, &hellip; <a href=\"https:\/\/arquivo.pedroleopoldo.mg.gov.br\/?p=16450\" class=\"more-link\">Continuar lendo <span class=\"screen-reader-text\">Pr\u00e9dio da prefeitura passa por desinfec\u00e7\u00e3o<\/span><\/a><\/p>\n","protected":false},"author":1,"featured_media":16451,"comment_status":"closed","ping_status":"closed","sticky":false,"template":"","format":"standard","meta":{"footnotes":""},"categories":[4],"tags":[],"_links":{"self":[{"href":"https:\/\/arquivo.pedroleopoldo.mg.gov.br\/index.php?rest_route=\/wp\/v2\/posts\/16450"}],"collection":[{"href":"https:\/\/arquivo.pedroleopoldo.mg.gov.br\/index.php?rest_route=\/wp\/v2\/posts"}],"about":[{"href":"https:\/\/arquivo.pedroleopoldo.mg.gov.br\/index.php?rest_route=\/wp\/v2\/types\/post"}],"author":[{"embeddable":true,"href":"https:\/\/arquivo.pedroleopoldo.mg.gov.br\/index.php?rest_route=\/wp\/v2\/users\/1"}],"replies":[{"embeddable":true,"href":"https:\/\/arquivo.pedroleopoldo.mg.gov.br\/index.php?rest_route=%2Fwp%2Fv2%2Fcomments&post=16450"}],"version-history":[{"count":0,"href":"https:\/\/arquivo.pedroleopoldo.mg.gov.br\/index.php?rest_route=\/wp\/v2\/posts\/16450\/revisions"}],"wp:featuredmedia":[{"embeddable":true,"href":"https:\/\/arquivo.pedroleopoldo.mg.gov.br\/index.php?rest_route=\/wp\/v2\/media\/16451"}],"wp:attachment":[{"href":"https:\/\/arquivo.pedroleopoldo.mg.gov.br\/index.php?rest_route=%2Fwp%2Fv2%2Fmedia&parent=16450"}],"wp:term":[{"taxonomy":"category","embeddable":true,"href":"https:\/\/arquivo.pedroleopoldo.mg.gov.br\/index.php?rest_route=%2Fwp%2Fv2%2Fcategories&post=16450"},{"taxonomy":"post_tag","embeddable":true,"href":"https:\/\/arquivo.pedroleopoldo.mg.gov.br\/index.php?rest_route=%2Fwp%2Fv2%2Ftags&post=16450"}],"curies":[{"name":"wp","href":"https:\/\/api.w.org\/{rel}","templated":true}]}}