{"id":16390,"date":"2021-04-30T14:12:37","date_gmt":"2021-04-30T17:12:37","guid":{"rendered":"http:\/\/pedroleopoldo.mg.gov.br\/?p=16390"},"modified":"2021-04-30T16:40:13","modified_gmt":"2021-04-30T19:40:13","slug":"programa-cras-ate-voce-ira-ampliar-entrega-de-cestas-basicas-em-pedro-leopoldo","status":"publish","type":"post","link":"https:\/\/arquivo.pedroleopoldo.mg.gov.br\/?p=16390","title":{"rendered":"CRAS AT\u00c9 VOC\u00ca"},"content":{"rendered":"\n<p><em>O projeto da Prefeitura vai levar o benef\u00edcio alimenta\u00e7\u00e3o a bairros com alto \u00edndice de vulnerabilidade e de dif\u00edcil acesso aos equipamentos pelos usu\u00e1rios<\/em><\/p>\n\n\n\n<p>A PREFEITURA vai levar o benef\u00edcio da alimenta\u00e7\u00e3o a todos aqueles que passam por dificuldades financeiras, criando, a pedido da Prefeita Eloisa Helena, o projeto CRAS AT\u00c9 VOC\u00ca. \u00c9 um momento dif\u00edcil para todos, mas algumas pessoas est\u00e3o passando por maiores dificuldades em fun\u00e7\u00e3o da pandemia.<\/p>\n\n\n\n<p>A Secretaria Municipal de Desenvolvimento Social, al\u00e9m dos servi\u00e7os j\u00e1 ofertados, est\u00e1 ampliando o atendimento, atrav\u00e9s de um trabalho criterioso. Para isto estar\u00e1 visitando todos os bairros e distritos para realizar cadastros e atualizar os j\u00e1 existentes, levando o benef\u00edcio a novas fam\u00edlias que est\u00e3o passando por necessidade.<\/p>\n\n\n\n<p>Ap\u00f3s an\u00e1lise e aprovado o cadastro, todos ir\u00e3o receber aux\u00edlio alimenta\u00e7\u00e3o e um atendimento especializado pela equipe t\u00e9cnica, al\u00e9m de orienta\u00e7\u00f5es importantes, objetivando uma melhor qualidade de vida.<\/p>\n\n\n\n<p>Os cadastramentos ser\u00e3o realizados com indica\u00e7\u00e3o do dia, do hor\u00e1rio e<br>locais de atendimento. Na sexta-feira, 30 de abril, o CRAS AT\u00c9 VOC\u00ca, esteve em Quinta das Palmeiras. A Prefeita Eloisa e a vice Ana Paula fizeram quest\u00e3o de estarem presentes para acompanhar o primeiro dia de trabalho.<br><\/p>\n\n\n\n<p>IMPORTANTE<br>Aqueles que ainda n\u00e3o possuem cadastro no CRAS ter\u00e3o a oportunidade<br>de se inscrever, comparecendo ao local de atendimento no seu bairro, no<br>dia estabelecido, munido dos documentos necess\u00e1rios para o cadastro. Ap\u00f3s an\u00e1lise e se aprovados, receber\u00e3o em suas resid\u00eancias o aux\u00edlio<br>alimenta\u00e7\u00e3o.<\/p>\n\n\n\n<p>DOCUMENTOS NECESS\u00c1RIOS PARA CADASTRAR<\/p>\n\n\n\n<p><strong>Documentos necess\u00e1rios para o Titular do Cadastro:<\/strong><\/p>\n\n\n\n<ul><li>CPF<\/li><li>Identidade<\/li><li>Comprovante de endere\u00e7o<\/li><li>Comprovante de renda se tiver<\/li><li>Documentos das pessoas que residem na casa (grupo familiar) certid\u00e3o de nascimento, CPF.<\/li><\/ul>\n\n\n\n<p><\/p>\n\n\n\n<p><\/p>\n\n\n\n<p><\/p>\n\n\n\n<p><\/p>\n\n\n\n<p><\/p>\n","protected":false},"excerpt":{"rendered":"<p>O projeto da Prefeitura vai levar o benef\u00edcio alimenta\u00e7\u00e3o a bairros com alto \u00edndice de vulnerabilidade e de dif\u00edcil acesso aos equipamentos pelos usu\u00e1rios A PREFEITURA vai levar o benef\u00edcio da alimenta\u00e7\u00e3o a todos aqueles que passam por dificuldades financeiras, criando, a pedido da Prefeita Eloisa Helena, o projeto CRAS AT\u00c9 VOC\u00ca. \u00c9 um momento &hellip; <a href=\"https:\/\/arquivo.pedroleopoldo.mg.gov.br\/?p=16390\" class=\"more-link\">Continuar lendo <span class=\"screen-reader-text\">CRAS AT\u00c9 VOC\u00ca<\/span><\/a><\/p>\n","protected":false},"author":1,"featured_media":16391,"comment_status":"closed","ping_status":"closed","sticky":false,"template":"","format":"standard","meta":{"footnotes":""},"categories":[4],"tags":[],"_links":{"self":[{"href":"https:\/\/arquivo.pedroleopoldo.mg.gov.br\/index.php?rest_route=\/wp\/v2\/posts\/16390"}],"collection":[{"href":"https:\/\/arquivo.pedroleopoldo.mg.gov.br\/index.php?rest_route=\/wp\/v2\/posts"}],"about":[{"href":"https:\/\/arquivo.pedroleopoldo.mg.gov.br\/index.php?rest_route=\/wp\/v2\/types\/post"}],"author":[{"embeddable":true,"href":"https:\/\/arquivo.pedroleopoldo.mg.gov.br\/index.php?rest_route=\/wp\/v2\/users\/1"}],"replies":[{"embeddable":true,"href":"https:\/\/arquivo.pedroleopoldo.mg.gov.br\/index.php?rest_route=%2Fwp%2Fv2%2Fcomments&post=16390"}],"version-history":[{"count":0,"href":"https:\/\/arquivo.pedroleopoldo.mg.gov.br\/index.php?rest_route=\/wp\/v2\/posts\/16390\/revisions"}],"wp:featuredmedia":[{"embeddable":true,"href":"https:\/\/arquivo.pedroleopoldo.mg.gov.br\/index.php?rest_route=\/wp\/v2\/media\/16391"}],"wp:attachment":[{"href":"https:\/\/arquivo.pedroleopoldo.mg.gov.br\/index.php?rest_route=%2Fwp%2Fv2%2Fmedia&parent=16390"}],"wp:term":[{"taxonomy":"category","embeddable":true,"href":"https:\/\/arquivo.pedroleopoldo.mg.gov.br\/index.php?rest_route=%2Fwp%2Fv2%2Fcategories&post=16390"},{"taxonomy":"post_tag","embeddable":true,"href":"https:\/\/arquivo.pedroleopoldo.mg.gov.br\/index.php?rest_route=%2Fwp%2Fv2%2Ftags&post=16390"}],"curies":[{"name":"wp","href":"https:\/\/api.w.org\/{rel}","templated":true}]}}