{"id":16387,"date":"2021-04-30T14:10:13","date_gmt":"2021-04-30T17:10:13","guid":{"rendered":"http:\/\/pedroleopoldo.mg.gov.br\/?p=16387"},"modified":"2021-04-30T14:10:18","modified_gmt":"2021-04-30T17:10:18","slug":"pedro-leopoldo-vacina-pessoas-com-63-anos","status":"publish","type":"post","link":"https:\/\/arquivo.pedroleopoldo.mg.gov.br\/?p=16387","title":{"rendered":"Pedro Leopoldo vacina pessoas com 63 anos"},"content":{"rendered":"\n<p>Hoje foi dia de vacinar as pessoas com 63 anos em Pedro Leopoldo, idade da nossa prefeita. Respeitando a fila de vacina\u00e7\u00e3o, Eloisa recebeu a 1\u00aa dose na manh\u00e3 desta sexta-feira, 30, e ficou muito feliz. Ela, assim, como todos n\u00f3s, continua na torcida para que mais vacinas cheguem ao munic\u00edpio e que logo todos os pedroleopoldenses estejam imunizados. Eloisa aproveitou a ocasi\u00e3o para levar doa\u00e7\u00f5es de alimentos para o projeto \u201cPL Solid\u00e1ria\u201d, que tem a parceria da Prefeitura de Pedro Leopoldo. <\/p>\n","protected":false},"excerpt":{"rendered":"<p>Hoje foi dia de vacinar as pessoas com 63 anos em Pedro Leopoldo, idade da nossa prefeita. Respeitando a fila de vacina\u00e7\u00e3o, Eloisa recebeu a 1\u00aa dose na manh\u00e3 desta sexta-feira, 30, e ficou muito feliz. Ela, assim, como todos n\u00f3s, continua na torcida para que mais vacinas cheguem ao munic\u00edpio e que logo todos &hellip; <a href=\"https:\/\/arquivo.pedroleopoldo.mg.gov.br\/?p=16387\" class=\"more-link\">Continuar lendo <span class=\"screen-reader-text\">Pedro Leopoldo vacina pessoas com 63 anos<\/span><\/a><\/p>\n","protected":false},"author":1,"featured_media":16388,"comment_status":"closed","ping_status":"closed","sticky":false,"template":"","format":"standard","meta":{"footnotes":""},"categories":[4],"tags":[],"_links":{"self":[{"href":"https:\/\/arquivo.pedroleopoldo.mg.gov.br\/index.php?rest_route=\/wp\/v2\/posts\/16387"}],"collection":[{"href":"https:\/\/arquivo.pedroleopoldo.mg.gov.br\/index.php?rest_route=\/wp\/v2\/posts"}],"about":[{"href":"https:\/\/arquivo.pedroleopoldo.mg.gov.br\/index.php?rest_route=\/wp\/v2\/types\/post"}],"author":[{"embeddable":true,"href":"https:\/\/arquivo.pedroleopoldo.mg.gov.br\/index.php?rest_route=\/wp\/v2\/users\/1"}],"replies":[{"embeddable":true,"href":"https:\/\/arquivo.pedroleopoldo.mg.gov.br\/index.php?rest_route=%2Fwp%2Fv2%2Fcomments&post=16387"}],"version-history":[{"count":0,"href":"https:\/\/arquivo.pedroleopoldo.mg.gov.br\/index.php?rest_route=\/wp\/v2\/posts\/16387\/revisions"}],"wp:featuredmedia":[{"embeddable":true,"href":"https:\/\/arquivo.pedroleopoldo.mg.gov.br\/index.php?rest_route=\/wp\/v2\/media\/16388"}],"wp:attachment":[{"href":"https:\/\/arquivo.pedroleopoldo.mg.gov.br\/index.php?rest_route=%2Fwp%2Fv2%2Fmedia&parent=16387"}],"wp:term":[{"taxonomy":"category","embeddable":true,"href":"https:\/\/arquivo.pedroleopoldo.mg.gov.br\/index.php?rest_route=%2Fwp%2Fv2%2Fcategories&post=16387"},{"taxonomy":"post_tag","embeddable":true,"href":"https:\/\/arquivo.pedroleopoldo.mg.gov.br\/index.php?rest_route=%2Fwp%2Fv2%2Ftags&post=16387"}],"curies":[{"name":"wp","href":"https:\/\/api.w.org\/{rel}","templated":true}]}}