{"id":16360,"date":"2021-04-28T13:52:59","date_gmt":"2021-04-28T16:52:59","guid":{"rendered":"http:\/\/pedroleopoldo.mg.gov.br\/?p=16360"},"modified":"2021-04-28T14:01:21","modified_gmt":"2021-04-28T17:01:21","slug":"pl-recebe-nova-van-para-atender-a-fazenda-renascer","status":"publish","type":"post","link":"https:\/\/arquivo.pedroleopoldo.mg.gov.br\/?p=16360","title":{"rendered":"PL recebe nova Van para atender \u00e0 Fazenda Renascer"},"content":{"rendered":"\n<p>Na noite do dia 26 de abril, Pedro Leopoldo recebeu uma van Ducato 16 lugares 0 Km para a Fazenda Renascer, unidade de acolhimento de dependentes qu\u00edmicos instalada no munic\u00edpio. <\/p>\n\n\n\n<p>A solenidade de entrega aconteceu na Arena Mundo Novo, em Belo Horizonte, seguindo todos os protocolos sanit\u00e1rios e contou com a participa\u00e7\u00e3o da Prefeita Eloisa Helena. <\/p>\n\n\n\n<p>O ve\u00edculo atender\u00e1 aos servi\u00e7os da institui\u00e7\u00e3o e poder\u00e1 ser utilizado em parceria com outras institui\u00e7\u00f5es que tenham a mesma finalidade. A van que foi entregue \u00e0 comunidade terap\u00eautica foi destinada ao munic\u00edpio pelo deputado federal Eros Biondini, sendo adquirida atrav\u00e9s de Emenda Parlamentar.<\/p>\n\n\n\n<figure class=\"wp-block-gallery columns-1 is-cropped wp-block-gallery-1 is-layout-flex wp-block-gallery-is-layout-flex\"><ul class=\"blocks-gallery-grid\"><li class=\"blocks-gallery-item\"><figure><img decoding=\"async\" loading=\"lazy\" width=\"640\" height=\"474\" src=\"http:\/\/pedroleopoldo.mg.gov.br\/wp-content\/uploads\/2021\/04\/WhatsApp-Image-2021-04-28-at-13.49.18-1.jpeg\" alt=\"\" data-id=\"16362\" data-full-url=\"http:\/\/pedroleopoldo.mg.gov.br\/wp-content\/uploads\/2021\/04\/WhatsApp-Image-2021-04-28-at-13.49.18-1.jpeg\" data-link=\"http:\/\/pedroleopoldo.mg.gov.br\/?attachment_id=16362\" class=\"wp-image-16362\" srcset=\"https:\/\/arquivo.pedroleopoldo.mg.gov.br\/wp-content\/uploads\/2021\/04\/WhatsApp-Image-2021-04-28-at-13.49.18-1.jpeg 640w, https:\/\/arquivo.pedroleopoldo.mg.gov.br\/wp-content\/uploads\/2021\/04\/WhatsApp-Image-2021-04-28-at-13.49.18-1-300x222.jpeg 300w\" sizes=\"(max-width: 640px) 100vw, 640px\" \/><\/figure><\/li><li class=\"blocks-gallery-item\"><figure><img decoding=\"async\" loading=\"lazy\" width=\"640\" height=\"474\" src=\"http:\/\/pedroleopoldo.mg.gov.br\/wp-content\/uploads\/2021\/04\/WhatsApp-Image-2021-04-28-at-13.49.19-1.jpeg\" alt=\"\" data-id=\"16364\" data-full-url=\"http:\/\/pedroleopoldo.mg.gov.br\/wp-content\/uploads\/2021\/04\/WhatsApp-Image-2021-04-28-at-13.49.19-1.jpeg\" data-link=\"http:\/\/pedroleopoldo.mg.gov.br\/?attachment_id=16364\" class=\"wp-image-16364\" srcset=\"https:\/\/arquivo.pedroleopoldo.mg.gov.br\/wp-content\/uploads\/2021\/04\/WhatsApp-Image-2021-04-28-at-13.49.19-1.jpeg 640w, https:\/\/arquivo.pedroleopoldo.mg.gov.br\/wp-content\/uploads\/2021\/04\/WhatsApp-Image-2021-04-28-at-13.49.19-1-300x222.jpeg 300w\" sizes=\"(max-width: 640px) 100vw, 640px\" \/><\/figure><\/li><li class=\"blocks-gallery-item\"><figure><img decoding=\"async\" loading=\"lazy\" width=\"640\" height=\"474\" src=\"http:\/\/pedroleopoldo.mg.gov.br\/wp-content\/uploads\/2021\/04\/WhatsApp-Image-2021-04-28-at-13.49.19.jpeg\" alt=\"\" data-id=\"16365\" data-full-url=\"http:\/\/pedroleopoldo.mg.gov.br\/wp-content\/uploads\/2021\/04\/WhatsApp-Image-2021-04-28-at-13.49.19.jpeg\" data-link=\"http:\/\/pedroleopoldo.mg.gov.br\/?attachment_id=16365\" class=\"wp-image-16365\" srcset=\"https:\/\/arquivo.pedroleopoldo.mg.gov.br\/wp-content\/uploads\/2021\/04\/WhatsApp-Image-2021-04-28-at-13.49.19.jpeg 640w, https:\/\/arquivo.pedroleopoldo.mg.gov.br\/wp-content\/uploads\/2021\/04\/WhatsApp-Image-2021-04-28-at-13.49.19-300x222.jpeg 300w\" sizes=\"(max-width: 640px) 100vw, 640px\" \/><\/figure><\/li><\/ul><\/figure>\n","protected":false},"excerpt":{"rendered":"<p>Na noite do dia 26 de abril, Pedro Leopoldo recebeu uma van Ducato 16 lugares 0 Km para a Fazenda Renascer, unidade de acolhimento de dependentes qu\u00edmicos instalada no munic\u00edpio. A solenidade de entrega aconteceu na Arena Mundo Novo, em Belo Horizonte, seguindo todos os protocolos sanit\u00e1rios e contou com a participa\u00e7\u00e3o da Prefeita Eloisa &hellip; <a href=\"https:\/\/arquivo.pedroleopoldo.mg.gov.br\/?p=16360\" class=\"more-link\">Continuar lendo <span class=\"screen-reader-text\">PL recebe nova Van para atender \u00e0 Fazenda Renascer<\/span><\/a><\/p>\n","protected":false},"author":1,"featured_media":16370,"comment_status":"closed","ping_status":"closed","sticky":false,"template":"","format":"standard","meta":{"footnotes":""},"categories":[4],"tags":[],"_links":{"self":[{"href":"https:\/\/arquivo.pedroleopoldo.mg.gov.br\/index.php?rest_route=\/wp\/v2\/posts\/16360"}],"collection":[{"href":"https:\/\/arquivo.pedroleopoldo.mg.gov.br\/index.php?rest_route=\/wp\/v2\/posts"}],"about":[{"href":"https:\/\/arquivo.pedroleopoldo.mg.gov.br\/index.php?rest_route=\/wp\/v2\/types\/post"}],"author":[{"embeddable":true,"href":"https:\/\/arquivo.pedroleopoldo.mg.gov.br\/index.php?rest_route=\/wp\/v2\/users\/1"}],"replies":[{"embeddable":true,"href":"https:\/\/arquivo.pedroleopoldo.mg.gov.br\/index.php?rest_route=%2Fwp%2Fv2%2Fcomments&post=16360"}],"version-history":[{"count":0,"href":"https:\/\/arquivo.pedroleopoldo.mg.gov.br\/index.php?rest_route=\/wp\/v2\/posts\/16360\/revisions"}],"wp:featuredmedia":[{"embeddable":true,"href":"https:\/\/arquivo.pedroleopoldo.mg.gov.br\/index.php?rest_route=\/wp\/v2\/media\/16370"}],"wp:attachment":[{"href":"https:\/\/arquivo.pedroleopoldo.mg.gov.br\/index.php?rest_route=%2Fwp%2Fv2%2Fmedia&parent=16360"}],"wp:term":[{"taxonomy":"category","embeddable":true,"href":"https:\/\/arquivo.pedroleopoldo.mg.gov.br\/index.php?rest_route=%2Fwp%2Fv2%2Fcategories&post=16360"},{"taxonomy":"post_tag","embeddable":true,"href":"https:\/\/arquivo.pedroleopoldo.mg.gov.br\/index.php?rest_route=%2Fwp%2Fv2%2Ftags&post=16360"}],"curies":[{"name":"wp","href":"https:\/\/api.w.org\/{rel}","templated":true}]}}