{"id":16323,"date":"2021-04-23T13:13:08","date_gmt":"2021-04-23T16:13:08","guid":{"rendered":"http:\/\/pedroleopoldo.mg.gov.br\/?p=16323"},"modified":"2021-04-23T13:22:19","modified_gmt":"2021-04-23T16:22:19","slug":"prefeita-eloisa-assina-termo-de-cooperacao-para-arrecadacao-de-doacoes-nos-dias-de-vacinacao","status":"publish","type":"post","link":"https:\/\/arquivo.pedroleopoldo.mg.gov.br\/?p=16323","title":{"rendered":"Prefeita Eloisa assina termo de coopera\u00e7\u00e3o para arrecada\u00e7\u00e3o de doa\u00e7\u00f5es nos dias de vacina\u00e7\u00e3o"},"content":{"rendered":"\n<p><em>Alimentos n\u00e3o perec\u00edveis, produtos de higiene, pe\u00e7as de vestu\u00e1rio e cobertores podem ser repassados na hora de receber a vacina<\/em><\/p>\n\n\n\n<p>Na \u00faltima sexta-feira, 16 de abril, a Prefeita Eloisa Helena, juntamente a Fernando Malaquias e Camila Lobato, representando o Centro de Integra\u00e7\u00e3o Social Francisco C\u00e2ndido Xavier, assinaram um Termo de Parceria para coletar alimentos n\u00e3o perec\u00edveis, produtos de higiene e cobertores no momento em que as pessoas forem aos postos de sa\u00fade se vacinar. A a\u00e7\u00e3o, tamb\u00e9m foi indicada pelo vereador, Guilherme do Doce.<\/p>\n\n\n\n<p>Todos os itens arrecadados ser\u00e3o doados para pessoas em situa\u00e7\u00e3o de vulnerabilidade social no munic\u00edpio, ligadas \u00e0s unidades parceiras do Centro Social como PL Solid\u00e1ria, RECOA, ONG LAGOA VIVA, COLETIVO DIVERCIDADE, FRENTE SOCIOAMBIENTAL, ONG VIDA PEQUENINA, COL\u00c9GIO CLITA BATISTA e as pessoas de vulnerabilidade social. <\/p>\n\n\n\n<p>A prefeita Eloisa Helena disse estar muito satisfeita e destacou que a doa\u00e7\u00e3o n\u00e3o \u00e9 obrigat\u00f3ria no momento de se vacinar. \u201cEstou muito feliz com esta parceria e pe\u00e7o a colabora\u00e7\u00e3o de cada um na hora de se vacinar. A doa\u00e7\u00e3o n\u00e3o \u00e9 obrigat\u00f3ria e a vacina n\u00e3o depende de nenhuma doa\u00e7\u00e3o. Mas \u00e9 importante ajudar a quem precisa, sobretudo neste momento t\u00e3o dif\u00edcil pra todos. Participe e, se puder, deixe sua doa\u00e7\u00e3o nos pontos de vacina\u00e7\u00e3o\u201d, destacou Eloisa.<\/p>\n\n\n\n<p><\/p>\n","protected":false},"excerpt":{"rendered":"<p>Alimentos n\u00e3o perec\u00edveis, produtos de higiene, pe\u00e7as de vestu\u00e1rio e cobertores podem ser repassados na hora de receber a vacina Na \u00faltima sexta-feira, 16 de abril, a Prefeita Eloisa Helena, juntamente a Fernando Malaquias e Camila Lobato, representando o Centro de Integra\u00e7\u00e3o Social Francisco C\u00e2ndido Xavier, assinaram um Termo de Parceria para coletar alimentos n\u00e3o &hellip; <a href=\"https:\/\/arquivo.pedroleopoldo.mg.gov.br\/?p=16323\" class=\"more-link\">Continuar lendo <span class=\"screen-reader-text\">Prefeita Eloisa assina termo de coopera\u00e7\u00e3o para arrecada\u00e7\u00e3o de doa\u00e7\u00f5es nos dias de vacina\u00e7\u00e3o<\/span><\/a><\/p>\n","protected":false},"author":1,"featured_media":16324,"comment_status":"closed","ping_status":"closed","sticky":false,"template":"","format":"standard","meta":{"footnotes":""},"categories":[4],"tags":[],"_links":{"self":[{"href":"https:\/\/arquivo.pedroleopoldo.mg.gov.br\/index.php?rest_route=\/wp\/v2\/posts\/16323"}],"collection":[{"href":"https:\/\/arquivo.pedroleopoldo.mg.gov.br\/index.php?rest_route=\/wp\/v2\/posts"}],"about":[{"href":"https:\/\/arquivo.pedroleopoldo.mg.gov.br\/index.php?rest_route=\/wp\/v2\/types\/post"}],"author":[{"embeddable":true,"href":"https:\/\/arquivo.pedroleopoldo.mg.gov.br\/index.php?rest_route=\/wp\/v2\/users\/1"}],"replies":[{"embeddable":true,"href":"https:\/\/arquivo.pedroleopoldo.mg.gov.br\/index.php?rest_route=%2Fwp%2Fv2%2Fcomments&post=16323"}],"version-history":[{"count":0,"href":"https:\/\/arquivo.pedroleopoldo.mg.gov.br\/index.php?rest_route=\/wp\/v2\/posts\/16323\/revisions"}],"wp:featuredmedia":[{"embeddable":true,"href":"https:\/\/arquivo.pedroleopoldo.mg.gov.br\/index.php?rest_route=\/wp\/v2\/media\/16324"}],"wp:attachment":[{"href":"https:\/\/arquivo.pedroleopoldo.mg.gov.br\/index.php?rest_route=%2Fwp%2Fv2%2Fmedia&parent=16323"}],"wp:term":[{"taxonomy":"category","embeddable":true,"href":"https:\/\/arquivo.pedroleopoldo.mg.gov.br\/index.php?rest_route=%2Fwp%2Fv2%2Fcategories&post=16323"},{"taxonomy":"post_tag","embeddable":true,"href":"https:\/\/arquivo.pedroleopoldo.mg.gov.br\/index.php?rest_route=%2Fwp%2Fv2%2Ftags&post=16323"}],"curies":[{"name":"wp","href":"https:\/\/api.w.org\/{rel}","templated":true}]}}