{"id":16312,"date":"2021-04-22T15:55:09","date_gmt":"2021-04-22T18:55:09","guid":{"rendered":"http:\/\/pedroleopoldo.mg.gov.br\/?p=16312"},"modified":"2021-04-22T16:53:23","modified_gmt":"2021-04-22T19:53:23","slug":"eloisa-recebe-prefeito-de-matozinhos-em-seu-gabinete","status":"publish","type":"post","link":"https:\/\/arquivo.pedroleopoldo.mg.gov.br\/?p=16312","title":{"rendered":"Eloisa recebe vice-prefeito de Matozinhos em seu gabinete"},"content":{"rendered":"\n<p>Na tarde da \u00faltima ter\u00e7a-feira, dia 20, a Prefeita Eloisa Helena recebeu em seu gabinete o vice-prefeito de Matozinhos, Vin\u00edcius Ara\u00fajo. <\/p>\n\n\n\n<p>Na pauta do encontro, a uni\u00e3o dos prefeitos da regi\u00e3o que utilizam a MG-424, oficializada atrav\u00e9s de um documento que ser\u00e1 encaminhado \u00e0 Assembleia Legislativa, para as m\u00e3os do relator de um projeto sobre a compensa\u00e7\u00e3o financeira da Vale. <\/p>\n\n\n\n<p>Atrav\u00e9s deste of\u00edcio, os prefeitos manifestam o interesse de que parte deste valor seja destinado a melhorias na 424, incluindo a constru\u00e7\u00e3o de um contorno.<\/p>\n\n\n\n<p><\/p>\n","protected":false},"excerpt":{"rendered":"<p>Na tarde da \u00faltima ter\u00e7a-feira, dia 20, a Prefeita Eloisa Helena recebeu em seu gabinete o vice-prefeito de Matozinhos, Vin\u00edcius Ara\u00fajo. Na pauta do encontro, a uni\u00e3o dos prefeitos da regi\u00e3o que utilizam a MG-424, oficializada atrav\u00e9s de um documento que ser\u00e1 encaminhado \u00e0 Assembleia Legislativa, para as m\u00e3os do relator de um projeto sobre &hellip; <a href=\"https:\/\/arquivo.pedroleopoldo.mg.gov.br\/?p=16312\" class=\"more-link\">Continuar lendo <span class=\"screen-reader-text\">Eloisa recebe vice-prefeito de Matozinhos em seu gabinete<\/span><\/a><\/p>\n","protected":false},"author":1,"featured_media":16313,"comment_status":"closed","ping_status":"closed","sticky":false,"template":"","format":"standard","meta":{"footnotes":""},"categories":[4],"tags":[],"_links":{"self":[{"href":"https:\/\/arquivo.pedroleopoldo.mg.gov.br\/index.php?rest_route=\/wp\/v2\/posts\/16312"}],"collection":[{"href":"https:\/\/arquivo.pedroleopoldo.mg.gov.br\/index.php?rest_route=\/wp\/v2\/posts"}],"about":[{"href":"https:\/\/arquivo.pedroleopoldo.mg.gov.br\/index.php?rest_route=\/wp\/v2\/types\/post"}],"author":[{"embeddable":true,"href":"https:\/\/arquivo.pedroleopoldo.mg.gov.br\/index.php?rest_route=\/wp\/v2\/users\/1"}],"replies":[{"embeddable":true,"href":"https:\/\/arquivo.pedroleopoldo.mg.gov.br\/index.php?rest_route=%2Fwp%2Fv2%2Fcomments&post=16312"}],"version-history":[{"count":0,"href":"https:\/\/arquivo.pedroleopoldo.mg.gov.br\/index.php?rest_route=\/wp\/v2\/posts\/16312\/revisions"}],"wp:featuredmedia":[{"embeddable":true,"href":"https:\/\/arquivo.pedroleopoldo.mg.gov.br\/index.php?rest_route=\/wp\/v2\/media\/16313"}],"wp:attachment":[{"href":"https:\/\/arquivo.pedroleopoldo.mg.gov.br\/index.php?rest_route=%2Fwp%2Fv2%2Fmedia&parent=16312"}],"wp:term":[{"taxonomy":"category","embeddable":true,"href":"https:\/\/arquivo.pedroleopoldo.mg.gov.br\/index.php?rest_route=%2Fwp%2Fv2%2Fcategories&post=16312"},{"taxonomy":"post_tag","embeddable":true,"href":"https:\/\/arquivo.pedroleopoldo.mg.gov.br\/index.php?rest_route=%2Fwp%2Fv2%2Ftags&post=16312"}],"curies":[{"name":"wp","href":"https:\/\/api.w.org\/{rel}","templated":true}]}}