{"id":16308,"date":"2021-04-22T15:24:51","date_gmt":"2021-04-22T18:24:51","guid":{"rendered":"http:\/\/pedroleopoldo.mg.gov.br\/?p=16308"},"modified":"2021-04-22T15:24:57","modified_gmt":"2021-04-22T18:24:57","slug":"prefeita-eloisa-visita-obras-da-nova-secretaria-de-cultura-e-biblioteca-municipal","status":"publish","type":"post","link":"https:\/\/arquivo.pedroleopoldo.mg.gov.br\/?p=16308","title":{"rendered":"Prefeita Eloisa visita obras da nova Secretaria de Cultura e Biblioteca Municipal"},"content":{"rendered":"\n<p>Em breve o pr\u00e9dio da Pra\u00e7a da Esta\u00e7\u00e3o vai estar mais bonito, bem cuidado, pr\u00e1tico, funcional e confort\u00e1vel, para atender toda a popula\u00e7\u00e3o com v\u00e1rios servi\u00e7os num mesmo local. <\/p>\n\n\n\n<p>Na tarde desta ter\u00e7a-feira, 20\/04, a prefeita Eloisa e a vice Ana Paula estiveram na Pra\u00e7a da Esta\u00e7\u00e3o para acompanhar de perto a reforma e melhora das instala\u00e7\u00f5es. Em breve a Biblioteca Municipal ser\u00e1 reaberta no local, com novidades. <\/p>\n\n\n\n<p>Est\u00e1 sendo providenciada a compra de mais de 50 livros, em temas variados, e que est\u00e3o no topo das listas mundiais. Al\u00e9m disto, a Prefeita Eloisa conseguiu, junto \u00e0 Superintend\u00eancia Estadual de Bibliotecas, a doa\u00e7\u00e3o de 500 livros para nosso munic\u00edpio, com o objetivo de atualizar e ampliar o acervo do munic\u00edpio. <\/p>\n\n\n\n<p>A Biblioteca ter\u00e1 seu espa\u00e7o pr\u00f3prio, incluindo uma \u00e1rea informatizada e de pesquisa. Ao lado do acervo ir\u00e1 funcionar a Secretaria Municipal de Cultura, Esporte, Lazer, Juventude e Turismo, juntamente com o CAT &#8211; Centro de Atendimento ao Turista, al\u00e9m de parte do acervo do Arquivo Municipal Geraldo Le\u00e3o. <\/p>\n\n\n\n<p>Em breve as melhorias ser\u00e3o conclu\u00eddas e todos poder\u00e3o ser atendidos com muito conforto e respeito.<\/p>\n","protected":false},"excerpt":{"rendered":"<p>Em breve o pr\u00e9dio da Pra\u00e7a da Esta\u00e7\u00e3o vai estar mais bonito, bem cuidado, pr\u00e1tico, funcional e confort\u00e1vel, para atender toda a popula\u00e7\u00e3o com v\u00e1rios servi\u00e7os num mesmo local. Na tarde desta ter\u00e7a-feira, 20\/04, a prefeita Eloisa e a vice Ana Paula estiveram na Pra\u00e7a da Esta\u00e7\u00e3o para acompanhar de perto a reforma e melhora &hellip; <a href=\"https:\/\/arquivo.pedroleopoldo.mg.gov.br\/?p=16308\" class=\"more-link\">Continuar lendo <span class=\"screen-reader-text\">Prefeita Eloisa visita obras da nova Secretaria de Cultura e Biblioteca Municipal<\/span><\/a><\/p>\n","protected":false},"author":1,"featured_media":16305,"comment_status":"closed","ping_status":"closed","sticky":false,"template":"","format":"standard","meta":{"footnotes":""},"categories":[4],"tags":[],"_links":{"self":[{"href":"https:\/\/arquivo.pedroleopoldo.mg.gov.br\/index.php?rest_route=\/wp\/v2\/posts\/16308"}],"collection":[{"href":"https:\/\/arquivo.pedroleopoldo.mg.gov.br\/index.php?rest_route=\/wp\/v2\/posts"}],"about":[{"href":"https:\/\/arquivo.pedroleopoldo.mg.gov.br\/index.php?rest_route=\/wp\/v2\/types\/post"}],"author":[{"embeddable":true,"href":"https:\/\/arquivo.pedroleopoldo.mg.gov.br\/index.php?rest_route=\/wp\/v2\/users\/1"}],"replies":[{"embeddable":true,"href":"https:\/\/arquivo.pedroleopoldo.mg.gov.br\/index.php?rest_route=%2Fwp%2Fv2%2Fcomments&post=16308"}],"version-history":[{"count":0,"href":"https:\/\/arquivo.pedroleopoldo.mg.gov.br\/index.php?rest_route=\/wp\/v2\/posts\/16308\/revisions"}],"wp:featuredmedia":[{"embeddable":true,"href":"https:\/\/arquivo.pedroleopoldo.mg.gov.br\/index.php?rest_route=\/wp\/v2\/media\/16305"}],"wp:attachment":[{"href":"https:\/\/arquivo.pedroleopoldo.mg.gov.br\/index.php?rest_route=%2Fwp%2Fv2%2Fmedia&parent=16308"}],"wp:term":[{"taxonomy":"category","embeddable":true,"href":"https:\/\/arquivo.pedroleopoldo.mg.gov.br\/index.php?rest_route=%2Fwp%2Fv2%2Fcategories&post=16308"},{"taxonomy":"post_tag","embeddable":true,"href":"https:\/\/arquivo.pedroleopoldo.mg.gov.br\/index.php?rest_route=%2Fwp%2Fv2%2Ftags&post=16308"}],"curies":[{"name":"wp","href":"https:\/\/api.w.org\/{rel}","templated":true}]}}