{"id":16159,"date":"2021-04-08T14:34:54","date_gmt":"2021-04-08T17:34:54","guid":{"rendered":"http:\/\/pedroleopoldo.mg.gov.br\/?p=16159"},"modified":"2021-04-08T14:41:10","modified_gmt":"2021-04-08T17:41:10","slug":"professora-de-pl-recebe-premio-de-boas-praticas-educacionais-durante-a-pandemia","status":"publish","type":"post","link":"https:\/\/arquivo.pedroleopoldo.mg.gov.br\/?p=16159","title":{"rendered":"Professora de PL recebe pr\u00eamio de boas pr\u00e1ticas educacionais durante a pandemia"},"content":{"rendered":"\n<p><em>As condi\u00e7\u00f5es de trabalho, estrutura, o projeto EducaEmCasaPL e a equipe da Escola Municipal em que a docente atua&nbsp;foram essenciais na conquista da premia\u00e7\u00e3o<\/em><\/p>\n\n\n\n<p>Fernanda Aparecida Ramos, professora da Escola Municipal Cantinho Feliz, em Vera Cruz, \u00e9 uma das 100 profissionais que recebeu o pr\u00eamio <em>do Instituto Maria Cecilia Souto Vidigal, com sede em S\u00e3o Paulo, <\/em>pela sua pr\u00e1tica docente durante a pandemia. Fernanda recebeu a premia\u00e7\u00e3o pelo projeto \u201cSacolas de Viv\u00eancias Brincantes\u201d.<\/p>\n\n\n\n<p>A iniciativa do instituto visa dar visibilidade aos trabalhos dos professores que tiveram toda a rotina de trabalho modificada por conta da suspens\u00e3o das aulas presenciais, durante este per\u00edodo de isolamento. \u201cEstou muito feliz pela oportunidade de apresentar um&nbsp;trabalho de qualidade que desenvolvi na escola e que faz parte de minha hist\u00f3ria.&nbsp;Atrav\u00e9s da premia\u00e7\u00e3o tive a oportunidade de perceber que juntos desenhamos novos caminhos e metodologias&nbsp;para aprender e ensinar de forma divertida&nbsp;e colaborativa\u201d, disse Fernanda Aparecida.<\/p>\n\n\n\n<p>Com o projeto \u201cSacolas de Viv\u00eancias Brincantes\u201d, a professora e funcion\u00e1ria da rede municipal h\u00e1 20 anos, explicou que ap\u00f3s uma sondagem com os pais dos alunos, foi compreendida a necessidade de um desenvolvimento maior com aulas em casa. Assim nasceu o&nbsp;projeto que busca resgatar o v\u00ednculo entre as fam\u00edlias, alunos e escola.&nbsp;<\/p>\n\n\n\n<p>As crian\u00e7as receberam a&nbsp;Sacola de Viv\u00eancias Brincantes com materiais para realiza\u00e7\u00e3o de atividades, promovendo&nbsp;experi\u00eancias atrav\u00e9s de conte\u00fados simples e aplic\u00e1veis. A iniciativa levou em conta o contexto social, econ\u00f4mico e emocional no qual cada&nbsp;crian\u00e7a est\u00e1 inserida, ajudando levar&nbsp;\u00e0s fam\u00edlias a percep\u00e7\u00e3o&nbsp;do ambiente de casa como construtor de conhecimento. \u201cQuando assumi a turma me reuni com pais para que me repassassem a realidade deles. Foi quando percebi um enorme sentimento de ansiedade, tristeza pela suspens\u00e3o das aulas e mudan\u00e7a de rotina. Ent\u00e3o, o projeto foi a maneira que encontrei de mudar este cen\u00e1rio com as crian\u00e7as\u201d, disse a professora.<\/p>\n\n\n\n<p>O pr\u00eamio, elaborado pelo Instituto Maria Cecilia Souto Vidigal, tem o apoio da Uni\u00e3o Nacional dos Dirigentes Municipais de Educa\u00e7\u00e3o (Undime) e a Funda\u00e7\u00e3o Ita\u00fa Social.<\/p>\n\n\n\n<p><\/p>\n","protected":false},"excerpt":{"rendered":"<p>As condi\u00e7\u00f5es de trabalho, estrutura, o projeto EducaEmCasaPL e a equipe da Escola Municipal em que a docente atua&nbsp;foram essenciais na conquista da premia\u00e7\u00e3o Fernanda Aparecida Ramos, professora da Escola Municipal Cantinho Feliz, em Vera Cruz, \u00e9 uma das 100 profissionais que recebeu o pr\u00eamio do Instituto Maria Cecilia Souto Vidigal, com sede em S\u00e3o &hellip; <a href=\"https:\/\/arquivo.pedroleopoldo.mg.gov.br\/?p=16159\" class=\"more-link\">Continuar lendo <span class=\"screen-reader-text\">Professora de PL recebe pr\u00eamio de boas pr\u00e1ticas educacionais durante a pandemia<\/span><\/a><\/p>\n","protected":false},"author":1,"featured_media":16162,"comment_status":"closed","ping_status":"closed","sticky":false,"template":"","format":"standard","meta":{"footnotes":""},"categories":[4],"tags":[],"_links":{"self":[{"href":"https:\/\/arquivo.pedroleopoldo.mg.gov.br\/index.php?rest_route=\/wp\/v2\/posts\/16159"}],"collection":[{"href":"https:\/\/arquivo.pedroleopoldo.mg.gov.br\/index.php?rest_route=\/wp\/v2\/posts"}],"about":[{"href":"https:\/\/arquivo.pedroleopoldo.mg.gov.br\/index.php?rest_route=\/wp\/v2\/types\/post"}],"author":[{"embeddable":true,"href":"https:\/\/arquivo.pedroleopoldo.mg.gov.br\/index.php?rest_route=\/wp\/v2\/users\/1"}],"replies":[{"embeddable":true,"href":"https:\/\/arquivo.pedroleopoldo.mg.gov.br\/index.php?rest_route=%2Fwp%2Fv2%2Fcomments&post=16159"}],"version-history":[{"count":0,"href":"https:\/\/arquivo.pedroleopoldo.mg.gov.br\/index.php?rest_route=\/wp\/v2\/posts\/16159\/revisions"}],"wp:featuredmedia":[{"embeddable":true,"href":"https:\/\/arquivo.pedroleopoldo.mg.gov.br\/index.php?rest_route=\/wp\/v2\/media\/16162"}],"wp:attachment":[{"href":"https:\/\/arquivo.pedroleopoldo.mg.gov.br\/index.php?rest_route=%2Fwp%2Fv2%2Fmedia&parent=16159"}],"wp:term":[{"taxonomy":"category","embeddable":true,"href":"https:\/\/arquivo.pedroleopoldo.mg.gov.br\/index.php?rest_route=%2Fwp%2Fv2%2Fcategories&post=16159"},{"taxonomy":"post_tag","embeddable":true,"href":"https:\/\/arquivo.pedroleopoldo.mg.gov.br\/index.php?rest_route=%2Fwp%2Fv2%2Ftags&post=16159"}],"curies":[{"name":"wp","href":"https:\/\/api.w.org\/{rel}","templated":true}]}}