{"id":16155,"date":"2021-04-08T14:32:08","date_gmt":"2021-04-08T17:32:08","guid":{"rendered":"http:\/\/pedroleopoldo.mg.gov.br\/?p=16155"},"modified":"2021-04-08T16:44:32","modified_gmt":"2021-04-08T19:44:32","slug":"pedro-leopoldo-ja-vacinou-mais-de-3-mil-pessoas-com-mais-de-70-anos","status":"publish","type":"post","link":"https:\/\/arquivo.pedroleopoldo.mg.gov.br\/?p=16155","title":{"rendered":"Pedro Leopoldo j\u00e1 vacinou mais de 3 mil pessoas acima dos 70 anos"},"content":{"rendered":"\n<p><em>Os dados contabilizam a vacina\u00e7\u00e3o at\u00e9 a \u00faltima quinta-feira, 1 de abril. Esta semana a imuniza\u00e7\u00e3o continua com pessoas de at\u00e9 67 anos que receber\u00e3o a primeira dose<\/em><\/p>\n\n\n\n<p>Nos \u00faltimos dias a vacina\u00e7\u00e3o avan\u00e7ou muito em Pedro Leopoldo. As vacinas chegaram do Estado com maior frequ\u00eancia e com isto a Prefeitura conseguiu acelerar o processo, chegando a adiantar a imuniza\u00e7\u00e3o, mesmo sendo ponto facultativo na \u00faltima quinta-feira, dia 1.<\/p>\n\n\n\n<p>Desta forma, at\u00e9 a \u00faltima quinta-feira, 4811 pessoas j\u00e1 haviam recebido a 1\u00aa dose em Pedro Leopoldo e 1521 receberam a 2\u00aa dose. Al\u00e9m disto, 1543 profissionais de sa\u00fade foram imunizados, o que representa 98% da categoria.<\/p>\n\n\n\n<p>Esta semana, de segunda a sexta-feira, ainda est\u00e3o sendo vacinadas as pessoas de 70, 69, 68 e 67 anos e a sequ\u00eancia acontece na semana que vem, com a inclus\u00e3o de novos grupos e segundas doses. \u201cEstamos trabalhando com muita seriedade, transpar\u00eancia e responsabilidade. As vacinas chegando, fazemos o cronograma de acordo com o quantitativo recebido e distribu\u00edmos. Al\u00e9m do Drive-Thru e do Cias, inclu\u00edmos tamb\u00e9m um ponto na regi\u00e3o Norte, na Escola Tia Bendoca, e tudo tem flu\u00eddo muito bem, gra\u00e7as a Deus. A equipe de sa\u00fade tem trabalhado com muita dedica\u00e7\u00e3o e nosso objetivo \u00e9 unicamente fazer a vacina chegar o mais breve poss\u00edvel para todos os nossos moradores\u201d, destacou a Prefeita Elo\u00edsa Helena.<\/p>\n\n\n\n<p>O calend\u00e1rio e a ordem de vacina\u00e7\u00e3o acontece seguindo o Plano Nacional de Vacina\u00e7\u00e3o e o quantitativo que o munic\u00edpio recebe. Todas as informa\u00e7\u00f5es s\u00e3o amplamente divulgadas pela Prefeitura de Pedro Leopoldo, incluindo divulga\u00e7\u00e3o em r\u00e1dios, jornais, redes sociais da Prefeitura e cartazes espalhados pela cidade.<\/p>\n","protected":false},"excerpt":{"rendered":"<p>Os dados contabilizam a vacina\u00e7\u00e3o at\u00e9 a \u00faltima quinta-feira, 1 de abril. Esta semana a imuniza\u00e7\u00e3o continua com pessoas de at\u00e9 67 anos que receber\u00e3o a primeira dose Nos \u00faltimos dias a vacina\u00e7\u00e3o avan\u00e7ou muito em Pedro Leopoldo. As vacinas chegaram do Estado com maior frequ\u00eancia e com isto a Prefeitura conseguiu acelerar o processo, &hellip; <a href=\"https:\/\/arquivo.pedroleopoldo.mg.gov.br\/?p=16155\" class=\"more-link\">Continuar lendo <span class=\"screen-reader-text\">Pedro Leopoldo j\u00e1 vacinou mais de 3 mil pessoas acima dos 70 anos<\/span><\/a><\/p>\n","protected":false},"author":1,"featured_media":16156,"comment_status":"closed","ping_status":"closed","sticky":false,"template":"","format":"standard","meta":{"footnotes":""},"categories":[4],"tags":[],"_links":{"self":[{"href":"https:\/\/arquivo.pedroleopoldo.mg.gov.br\/index.php?rest_route=\/wp\/v2\/posts\/16155"}],"collection":[{"href":"https:\/\/arquivo.pedroleopoldo.mg.gov.br\/index.php?rest_route=\/wp\/v2\/posts"}],"about":[{"href":"https:\/\/arquivo.pedroleopoldo.mg.gov.br\/index.php?rest_route=\/wp\/v2\/types\/post"}],"author":[{"embeddable":true,"href":"https:\/\/arquivo.pedroleopoldo.mg.gov.br\/index.php?rest_route=\/wp\/v2\/users\/1"}],"replies":[{"embeddable":true,"href":"https:\/\/arquivo.pedroleopoldo.mg.gov.br\/index.php?rest_route=%2Fwp%2Fv2%2Fcomments&post=16155"}],"version-history":[{"count":0,"href":"https:\/\/arquivo.pedroleopoldo.mg.gov.br\/index.php?rest_route=\/wp\/v2\/posts\/16155\/revisions"}],"wp:featuredmedia":[{"embeddable":true,"href":"https:\/\/arquivo.pedroleopoldo.mg.gov.br\/index.php?rest_route=\/wp\/v2\/media\/16156"}],"wp:attachment":[{"href":"https:\/\/arquivo.pedroleopoldo.mg.gov.br\/index.php?rest_route=%2Fwp%2Fv2%2Fmedia&parent=16155"}],"wp:term":[{"taxonomy":"category","embeddable":true,"href":"https:\/\/arquivo.pedroleopoldo.mg.gov.br\/index.php?rest_route=%2Fwp%2Fv2%2Fcategories&post=16155"},{"taxonomy":"post_tag","embeddable":true,"href":"https:\/\/arquivo.pedroleopoldo.mg.gov.br\/index.php?rest_route=%2Fwp%2Fv2%2Ftags&post=16155"}],"curies":[{"name":"wp","href":"https:\/\/api.w.org\/{rel}","templated":true}]}}