{"id":16148,"date":"2021-04-08T14:12:35","date_gmt":"2021-04-08T17:12:35","guid":{"rendered":"http:\/\/pedroleopoldo.mg.gov.br\/?p=16148"},"modified":"2021-04-08T14:12:39","modified_gmt":"2021-04-08T17:12:39","slug":"eloisa-helena-conclui-obra-de-revitalizacao-da-ubs-vera-cruz","status":"publish","type":"post","link":"https:\/\/arquivo.pedroleopoldo.mg.gov.br\/?p=16148","title":{"rendered":"Eloisa Helena conclui obra de revitaliza\u00e7\u00e3o da UBS Vera Cruz"},"content":{"rendered":"\n<p>Um problema antigo e que afligia a comunidade de Vera Cruz que precisa de atendimento m\u00e9dico foi conclu\u00eddo&nbsp;pela atual administra\u00e7\u00e3o. A Prefeitura de Pedro Leopoldo, por meio da Secretaria Municipal de Sa\u00fade e em parceria com a Secretaria de Obras, finalizou a reforma da Unidade B\u00e1sica de Sa\u00fade do bairro, local que estava com a estrutura bastante comprometida.<\/p>\n\n\n\n<p>O objetivo das interven\u00e7\u00f5es foi oferecer, al\u00e9m de conforto e seguran\u00e7a a usu\u00e1rios e servidores, melhor qualidade no atendimento \u00e0 popula\u00e7\u00e3o. \u201cEra um local que quando fomos visitar no in\u00edcio do ano, nos preocupou muito&nbsp;porque a estrutura danificada apresentava riscos \u00e0s pessoas que frequentam ali. A reforma da unidade melhora o ambiente e faz a diferen\u00e7a para os profissionais que trabalham no local, que ficaram, inclusive, mais motivados. Al\u00e9m disso, vai permitir a melhoria das condi\u00e7\u00f5es para utiliza\u00e7\u00e3o dos equipamentos e aparelhos, qualidade nas condi\u00e7\u00f5es de acessibilidade interna e externa das UBS\u201d, comemorou a Prefeita Eloisa Helena.<\/p>\n\n\n\n<p>Al\u00e9m do reparo da trinca na estrutura do pr\u00e9dio, uma reforma geral em todo o espa\u00e7o&nbsp;foi realizada. Revis\u00e3o da cobertura da unidade, revis\u00e3o da parte el\u00e9trica, troca de tomadas e interruptores, reforma de portas e janelas no acesso aos c\u00f4modos, reforma do gradil de acesso \u00e0 unidade, revitaliza\u00e7\u00e3o e pintura em todo o pr\u00e9dio. A obra foi conclu\u00edda neste m\u00eas de mar\u00e7o pela atual administra\u00e7\u00e3o.<\/p>\n","protected":false},"excerpt":{"rendered":"<p>Um problema antigo e que afligia a comunidade de Vera Cruz que precisa de atendimento m\u00e9dico foi conclu\u00eddo&nbsp;pela atual administra\u00e7\u00e3o. A Prefeitura de Pedro Leopoldo, por meio da Secretaria Municipal de Sa\u00fade e em parceria com a Secretaria de Obras, finalizou a reforma da Unidade B\u00e1sica de Sa\u00fade do bairro, local que estava com a &hellip; <a href=\"https:\/\/arquivo.pedroleopoldo.mg.gov.br\/?p=16148\" class=\"more-link\">Continuar lendo <span class=\"screen-reader-text\">Eloisa Helena conclui obra de revitaliza\u00e7\u00e3o da UBS Vera Cruz<\/span><\/a><\/p>\n","protected":false},"author":1,"featured_media":16149,"comment_status":"closed","ping_status":"closed","sticky":false,"template":"","format":"standard","meta":{"footnotes":""},"categories":[4],"tags":[],"_links":{"self":[{"href":"https:\/\/arquivo.pedroleopoldo.mg.gov.br\/index.php?rest_route=\/wp\/v2\/posts\/16148"}],"collection":[{"href":"https:\/\/arquivo.pedroleopoldo.mg.gov.br\/index.php?rest_route=\/wp\/v2\/posts"}],"about":[{"href":"https:\/\/arquivo.pedroleopoldo.mg.gov.br\/index.php?rest_route=\/wp\/v2\/types\/post"}],"author":[{"embeddable":true,"href":"https:\/\/arquivo.pedroleopoldo.mg.gov.br\/index.php?rest_route=\/wp\/v2\/users\/1"}],"replies":[{"embeddable":true,"href":"https:\/\/arquivo.pedroleopoldo.mg.gov.br\/index.php?rest_route=%2Fwp%2Fv2%2Fcomments&post=16148"}],"version-history":[{"count":0,"href":"https:\/\/arquivo.pedroleopoldo.mg.gov.br\/index.php?rest_route=\/wp\/v2\/posts\/16148\/revisions"}],"wp:featuredmedia":[{"embeddable":true,"href":"https:\/\/arquivo.pedroleopoldo.mg.gov.br\/index.php?rest_route=\/wp\/v2\/media\/16149"}],"wp:attachment":[{"href":"https:\/\/arquivo.pedroleopoldo.mg.gov.br\/index.php?rest_route=%2Fwp%2Fv2%2Fmedia&parent=16148"}],"wp:term":[{"taxonomy":"category","embeddable":true,"href":"https:\/\/arquivo.pedroleopoldo.mg.gov.br\/index.php?rest_route=%2Fwp%2Fv2%2Fcategories&post=16148"},{"taxonomy":"post_tag","embeddable":true,"href":"https:\/\/arquivo.pedroleopoldo.mg.gov.br\/index.php?rest_route=%2Fwp%2Fv2%2Ftags&post=16148"}],"curies":[{"name":"wp","href":"https:\/\/api.w.org\/{rel}","templated":true}]}}