{"id":16027,"date":"2021-03-25T14:52:44","date_gmt":"2021-03-25T17:52:44","guid":{"rendered":"http:\/\/pedroleopoldo.mg.gov.br\/?p=16027"},"modified":"2021-03-25T14:52:49","modified_gmt":"2021-03-25T17:52:49","slug":"onda-roxa-mais-rigor-na-fiscalizacao","status":"publish","type":"post","link":"https:\/\/arquivo.pedroleopoldo.mg.gov.br\/?p=16027","title":{"rendered":"Onda Roxa:                            Mais rigor na fiscaliza\u00e7\u00e3o"},"content":{"rendered":"\n<p>Conforme acordado em reuni\u00e3o entre Prefeitura e Pol\u00edcia Militar na tarde de ontem, dia 24, a fiscaliza\u00e7\u00e3o do cumprimento da Onda Roxa est\u00e1 sendo intensificada em Pedro Leopoldo. Para isto foi implantada uma patrulha mista, formada pela Pol\u00edcia Militar, fiscais da prefeitura de Pedro Leopoldo e Guarda Municipal, que far\u00e1 a fiscaliza\u00e7\u00e3o dos estabelecimentos que est\u00e3o funcionando de forma irregular. Tamb\u00e9m ser\u00e3o fiscalizados alguns pontos em especial como a pista de caminhada da Av. R\u00f4mulo Joviano, pr\u00f3ximo \u00e0 Fazenda Modelo, e a Av. Araguaia no bairro Andyara, locais onde vem acontecendo a pr\u00e1tica irregular de atividade f\u00edsica em via p\u00fablica, que est\u00e1 momentaneamente proibida. O rigor da fiscaliza\u00e7\u00e3o ir\u00e1 acontecer enquanto durarem os efeitos dos decretos estaduais e municipais. Respeite o decreto, evite aglomera\u00e7\u00f5es, use m\u00e1scara e \u00e1lcool em gel. Logo, logo isso vai passar! Estamos juntos nessa batalha!<\/p>\n","protected":false},"excerpt":{"rendered":"<p>Conforme acordado em reuni\u00e3o entre Prefeitura e Pol\u00edcia Militar na tarde de ontem, dia 24, a fiscaliza\u00e7\u00e3o do cumprimento da Onda Roxa est\u00e1 sendo intensificada em Pedro Leopoldo. Para isto foi implantada uma patrulha mista, formada pela Pol\u00edcia Militar, fiscais da prefeitura de Pedro Leopoldo e Guarda Municipal, que far\u00e1 a fiscaliza\u00e7\u00e3o dos estabelecimentos que &hellip; <a href=\"https:\/\/arquivo.pedroleopoldo.mg.gov.br\/?p=16027\" class=\"more-link\">Continuar lendo <span class=\"screen-reader-text\">Onda Roxa:                            Mais rigor na fiscaliza\u00e7\u00e3o<\/span><\/a><\/p>\n","protected":false},"author":1,"featured_media":16028,"comment_status":"closed","ping_status":"closed","sticky":false,"template":"","format":"standard","meta":{"footnotes":""},"categories":[4],"tags":[],"_links":{"self":[{"href":"https:\/\/arquivo.pedroleopoldo.mg.gov.br\/index.php?rest_route=\/wp\/v2\/posts\/16027"}],"collection":[{"href":"https:\/\/arquivo.pedroleopoldo.mg.gov.br\/index.php?rest_route=\/wp\/v2\/posts"}],"about":[{"href":"https:\/\/arquivo.pedroleopoldo.mg.gov.br\/index.php?rest_route=\/wp\/v2\/types\/post"}],"author":[{"embeddable":true,"href":"https:\/\/arquivo.pedroleopoldo.mg.gov.br\/index.php?rest_route=\/wp\/v2\/users\/1"}],"replies":[{"embeddable":true,"href":"https:\/\/arquivo.pedroleopoldo.mg.gov.br\/index.php?rest_route=%2Fwp%2Fv2%2Fcomments&post=16027"}],"version-history":[{"count":0,"href":"https:\/\/arquivo.pedroleopoldo.mg.gov.br\/index.php?rest_route=\/wp\/v2\/posts\/16027\/revisions"}],"wp:featuredmedia":[{"embeddable":true,"href":"https:\/\/arquivo.pedroleopoldo.mg.gov.br\/index.php?rest_route=\/wp\/v2\/media\/16028"}],"wp:attachment":[{"href":"https:\/\/arquivo.pedroleopoldo.mg.gov.br\/index.php?rest_route=%2Fwp%2Fv2%2Fmedia&parent=16027"}],"wp:term":[{"taxonomy":"category","embeddable":true,"href":"https:\/\/arquivo.pedroleopoldo.mg.gov.br\/index.php?rest_route=%2Fwp%2Fv2%2Fcategories&post=16027"},{"taxonomy":"post_tag","embeddable":true,"href":"https:\/\/arquivo.pedroleopoldo.mg.gov.br\/index.php?rest_route=%2Fwp%2Fv2%2Ftags&post=16027"}],"curies":[{"name":"wp","href":"https:\/\/api.w.org\/{rel}","templated":true}]}}