{"id":15660,"date":"2021-01-28T12:03:32","date_gmt":"2021-01-28T15:03:32","guid":{"rendered":"http:\/\/pedroleopoldo.mg.gov.br\/?p=15660"},"modified":"2021-01-28T12:03:38","modified_gmt":"2021-01-28T15:03:38","slug":"prefeita-eloisa-e-nomeada-para-o-conselho-da-granbel","status":"publish","type":"post","link":"https:\/\/arquivo.pedroleopoldo.mg.gov.br\/?p=15660","title":{"rendered":"Prefeita Elo\u00edsa \u00e9 nomeada para o Conselho da Granbel"},"content":{"rendered":"\n<p>Na tarde de ontem, 27, a Prefeita Elo\u00edsa Helena participou da elei\u00e7\u00e3o da Associa\u00e7\u00e3o dos Munic\u00edpios da Regi\u00e3o Metropolitana de Belo Horizonte (Granbel). Elo\u00edsa foi nomeada para o Conselho da Associa\u00e7\u00e3o que ter\u00e1 a partir de agora a Prefeita de Vespasiano, Ilce Rocha, como presidente, e a Prefeita de Contagem, Mar\u00edlia Campos, como vice-presidente. O Prefeito de Belo Horizonte, Alexandre Kalil, esteve presente e apoiou a chapa \u00fanica, encabe\u00e7ada por Ilce. Kalil fez quest\u00e3o de participar do encontro desta tarde para demonstrar apoio aos prefeitos e \u00e0 institui\u00e7\u00e3o Granbel. <\/p>\n","protected":false},"excerpt":{"rendered":"<p>Na tarde de ontem, 27, a Prefeita Elo\u00edsa Helena participou da elei\u00e7\u00e3o da Associa\u00e7\u00e3o dos Munic\u00edpios da Regi\u00e3o Metropolitana de Belo Horizonte (Granbel). Elo\u00edsa foi nomeada para o Conselho da Associa\u00e7\u00e3o que ter\u00e1 a partir de agora a Prefeita de Vespasiano, Ilce Rocha, como presidente, e a Prefeita de Contagem, Mar\u00edlia Campos, como vice-presidente. O &hellip; <a href=\"https:\/\/arquivo.pedroleopoldo.mg.gov.br\/?p=15660\" class=\"more-link\">Continuar lendo <span class=\"screen-reader-text\">Prefeita Elo\u00edsa \u00e9 nomeada para o Conselho da Granbel<\/span><\/a><\/p>\n","protected":false},"author":1,"featured_media":15663,"comment_status":"closed","ping_status":"closed","sticky":false,"template":"","format":"standard","meta":{"footnotes":""},"categories":[4],"tags":[],"_links":{"self":[{"href":"https:\/\/arquivo.pedroleopoldo.mg.gov.br\/index.php?rest_route=\/wp\/v2\/posts\/15660"}],"collection":[{"href":"https:\/\/arquivo.pedroleopoldo.mg.gov.br\/index.php?rest_route=\/wp\/v2\/posts"}],"about":[{"href":"https:\/\/arquivo.pedroleopoldo.mg.gov.br\/index.php?rest_route=\/wp\/v2\/types\/post"}],"author":[{"embeddable":true,"href":"https:\/\/arquivo.pedroleopoldo.mg.gov.br\/index.php?rest_route=\/wp\/v2\/users\/1"}],"replies":[{"embeddable":true,"href":"https:\/\/arquivo.pedroleopoldo.mg.gov.br\/index.php?rest_route=%2Fwp%2Fv2%2Fcomments&post=15660"}],"version-history":[{"count":0,"href":"https:\/\/arquivo.pedroleopoldo.mg.gov.br\/index.php?rest_route=\/wp\/v2\/posts\/15660\/revisions"}],"wp:featuredmedia":[{"embeddable":true,"href":"https:\/\/arquivo.pedroleopoldo.mg.gov.br\/index.php?rest_route=\/wp\/v2\/media\/15663"}],"wp:attachment":[{"href":"https:\/\/arquivo.pedroleopoldo.mg.gov.br\/index.php?rest_route=%2Fwp%2Fv2%2Fmedia&parent=15660"}],"wp:term":[{"taxonomy":"category","embeddable":true,"href":"https:\/\/arquivo.pedroleopoldo.mg.gov.br\/index.php?rest_route=%2Fwp%2Fv2%2Fcategories&post=15660"},{"taxonomy":"post_tag","embeddable":true,"href":"https:\/\/arquivo.pedroleopoldo.mg.gov.br\/index.php?rest_route=%2Fwp%2Fv2%2Ftags&post=15660"}],"curies":[{"name":"wp","href":"https:\/\/api.w.org\/{rel}","templated":true}]}}