{"id":15595,"date":"2021-01-14T16:00:19","date_gmt":"2021-01-14T19:00:19","guid":{"rendered":"http:\/\/pedroleopoldo.mg.gov.br\/?p=15595"},"modified":"2021-01-14T16:00:23","modified_gmt":"2021-01-14T19:00:23","slug":"eloisa-helena-e-eleita-1a-secretaria-do-cisrec","status":"publish","type":"post","link":"https:\/\/arquivo.pedroleopoldo.mg.gov.br\/?p=15595","title":{"rendered":"Elo\u00edsa Helena \u00e9 eleita 1\u00aa Secret\u00e1ria do CISREC"},"content":{"rendered":"\n<p>Na manh\u00e3 desta quarta-feira, 13, a prefeita Elo\u00edsa Helena foi eleita 1\u00aa Secret\u00e1ria do CISREC (Cons\u00f3rcio Intermunicipal de Sa\u00fade da Regi\u00e3o do Calc\u00e1rio). Foram eleitos ainda como presidente, Diego \u00c1lvaro, Prefeito de S\u00e3o Jos\u00e9 da Lapa, vice presidente, Junynho Martins, Prefeito de Ribeir\u00e3o das Neves, 2\u00b0 secret\u00e1rio, Rog\u00e9rio Avelar, Prefeito de Lagoa Santa e Tesoureira, Z\u00e9lia Pezzini, Prefeita de Matozinhos. O Cons\u00f3rcio \u00e9 de extrema import\u00e2ncia para mais investimentos em sa\u00fade em nossa regi\u00e3o.<\/p>\n","protected":false},"excerpt":{"rendered":"<p>Na manh\u00e3 desta quarta-feira, 13, a prefeita Elo\u00edsa Helena foi eleita 1\u00aa Secret\u00e1ria do CISREC (Cons\u00f3rcio Intermunicipal de Sa\u00fade da Regi\u00e3o do Calc\u00e1rio). Foram eleitos ainda como presidente, Diego \u00c1lvaro, Prefeito de S\u00e3o Jos\u00e9 da Lapa, vice presidente, Junynho Martins, Prefeito de Ribeir\u00e3o das Neves, 2\u00b0 secret\u00e1rio, Rog\u00e9rio Avelar, Prefeito de Lagoa Santa e Tesoureira, &hellip; <a href=\"https:\/\/arquivo.pedroleopoldo.mg.gov.br\/?p=15595\" class=\"more-link\">Continuar lendo <span class=\"screen-reader-text\">Elo\u00edsa Helena \u00e9 eleita 1\u00aa Secret\u00e1ria do CISREC<\/span><\/a><\/p>\n","protected":false},"author":1,"featured_media":15596,"comment_status":"closed","ping_status":"closed","sticky":false,"template":"","format":"standard","meta":{"footnotes":""},"categories":[4],"tags":[],"_links":{"self":[{"href":"https:\/\/arquivo.pedroleopoldo.mg.gov.br\/index.php?rest_route=\/wp\/v2\/posts\/15595"}],"collection":[{"href":"https:\/\/arquivo.pedroleopoldo.mg.gov.br\/index.php?rest_route=\/wp\/v2\/posts"}],"about":[{"href":"https:\/\/arquivo.pedroleopoldo.mg.gov.br\/index.php?rest_route=\/wp\/v2\/types\/post"}],"author":[{"embeddable":true,"href":"https:\/\/arquivo.pedroleopoldo.mg.gov.br\/index.php?rest_route=\/wp\/v2\/users\/1"}],"replies":[{"embeddable":true,"href":"https:\/\/arquivo.pedroleopoldo.mg.gov.br\/index.php?rest_route=%2Fwp%2Fv2%2Fcomments&post=15595"}],"version-history":[{"count":0,"href":"https:\/\/arquivo.pedroleopoldo.mg.gov.br\/index.php?rest_route=\/wp\/v2\/posts\/15595\/revisions"}],"wp:featuredmedia":[{"embeddable":true,"href":"https:\/\/arquivo.pedroleopoldo.mg.gov.br\/index.php?rest_route=\/wp\/v2\/media\/15596"}],"wp:attachment":[{"href":"https:\/\/arquivo.pedroleopoldo.mg.gov.br\/index.php?rest_route=%2Fwp%2Fv2%2Fmedia&parent=15595"}],"wp:term":[{"taxonomy":"category","embeddable":true,"href":"https:\/\/arquivo.pedroleopoldo.mg.gov.br\/index.php?rest_route=%2Fwp%2Fv2%2Fcategories&post=15595"},{"taxonomy":"post_tag","embeddable":true,"href":"https:\/\/arquivo.pedroleopoldo.mg.gov.br\/index.php?rest_route=%2Fwp%2Fv2%2Ftags&post=15595"}],"curies":[{"name":"wp","href":"https:\/\/api.w.org\/{rel}","templated":true}]}}