{"id":15592,"date":"2021-01-14T15:55:54","date_gmt":"2021-01-14T18:55:54","guid":{"rendered":"http:\/\/pedroleopoldo.mg.gov.br\/?p=15592"},"modified":"2021-01-14T15:56:00","modified_gmt":"2021-01-14T18:56:00","slug":"emprego-prefeita-eloisa-conversa-com-diretoria-da-heineken","status":"publish","type":"post","link":"https:\/\/arquivo.pedroleopoldo.mg.gov.br\/?p=15592","title":{"rendered":"Emprego &#8211; Prefeita Elo\u00edsa conversa com diretoria da Heineken"},"content":{"rendered":"\n<p>Na tarde desta quarta-feira, a prefeita Elo\u00edsa, junto de sua vice Ana Paula, que tamb\u00e9m responde pelo Planejamento Urbano, do secret\u00e1rio de Meio Ambiente, Mauro Lobato, e do Chefe de Gabinete, \u00c2ngelo Tadeu, se reuniram em confer\u00eancia virtual com representantes da Heineken para tratar da instala\u00e7\u00e3o da empresa em nosso munic\u00edpio. Os representantes da cervejaria foram Juliana Vansan, Diretora de Rela\u00e7\u00f5es Governamentais no Brasil, F\u00e1bio Galiano, Diretor de Tributaria eSans\u00e3o Lamas, Diretor de Projetos. Na pauta foram tratados prazos para licenciamento, desenho da f\u00e1brica, terraplanagem e in\u00edcio da constru\u00e7\u00e3o civil. Vem muita oportunidade de emprego por a\u00ed!<\/p>\n","protected":false},"excerpt":{"rendered":"<p>Na tarde desta quarta-feira, a prefeita Elo\u00edsa, junto de sua vice Ana Paula, que tamb\u00e9m responde pelo Planejamento Urbano, do secret\u00e1rio de Meio Ambiente, Mauro Lobato, e do Chefe de Gabinete, \u00c2ngelo Tadeu, se reuniram em confer\u00eancia virtual com representantes da Heineken para tratar da instala\u00e7\u00e3o da empresa em nosso munic\u00edpio. Os representantes da cervejaria &hellip; <a href=\"https:\/\/arquivo.pedroleopoldo.mg.gov.br\/?p=15592\" class=\"more-link\">Continuar lendo <span class=\"screen-reader-text\">Emprego &#8211; Prefeita Elo\u00edsa conversa com diretoria da Heineken<\/span><\/a><\/p>\n","protected":false},"author":1,"featured_media":15593,"comment_status":"closed","ping_status":"closed","sticky":false,"template":"","format":"standard","meta":{"footnotes":""},"categories":[4],"tags":[],"_links":{"self":[{"href":"https:\/\/arquivo.pedroleopoldo.mg.gov.br\/index.php?rest_route=\/wp\/v2\/posts\/15592"}],"collection":[{"href":"https:\/\/arquivo.pedroleopoldo.mg.gov.br\/index.php?rest_route=\/wp\/v2\/posts"}],"about":[{"href":"https:\/\/arquivo.pedroleopoldo.mg.gov.br\/index.php?rest_route=\/wp\/v2\/types\/post"}],"author":[{"embeddable":true,"href":"https:\/\/arquivo.pedroleopoldo.mg.gov.br\/index.php?rest_route=\/wp\/v2\/users\/1"}],"replies":[{"embeddable":true,"href":"https:\/\/arquivo.pedroleopoldo.mg.gov.br\/index.php?rest_route=%2Fwp%2Fv2%2Fcomments&post=15592"}],"version-history":[{"count":0,"href":"https:\/\/arquivo.pedroleopoldo.mg.gov.br\/index.php?rest_route=\/wp\/v2\/posts\/15592\/revisions"}],"wp:featuredmedia":[{"embeddable":true,"href":"https:\/\/arquivo.pedroleopoldo.mg.gov.br\/index.php?rest_route=\/wp\/v2\/media\/15593"}],"wp:attachment":[{"href":"https:\/\/arquivo.pedroleopoldo.mg.gov.br\/index.php?rest_route=%2Fwp%2Fv2%2Fmedia&parent=15592"}],"wp:term":[{"taxonomy":"category","embeddable":true,"href":"https:\/\/arquivo.pedroleopoldo.mg.gov.br\/index.php?rest_route=%2Fwp%2Fv2%2Fcategories&post=15592"},{"taxonomy":"post_tag","embeddable":true,"href":"https:\/\/arquivo.pedroleopoldo.mg.gov.br\/index.php?rest_route=%2Fwp%2Fv2%2Ftags&post=15592"}],"curies":[{"name":"wp","href":"https:\/\/api.w.org\/{rel}","templated":true}]}}