{"id":15583,"date":"2021-01-14T15:44:18","date_gmt":"2021-01-14T18:44:18","guid":{"rendered":"http:\/\/pedroleopoldo.mg.gov.br\/?p=15583"},"modified":"2021-01-14T15:44:23","modified_gmt":"2021-01-14T18:44:23","slug":"periodo-chuvoso-traz-a-tona-problemas-estruturais-do-municipio","status":"publish","type":"post","link":"https:\/\/arquivo.pedroleopoldo.mg.gov.br\/?p=15583","title":{"rendered":"Per\u00edodo chuvoso traz \u00e0 tona problemas estruturais do munic\u00edpio"},"content":{"rendered":"\n<p><em>A atual gest\u00e3o est\u00e1 identificando os pontos cr\u00edticos e resolvendo de imediato aqueles que trazem mais transtornos para a popula\u00e7\u00e3o. Falta de manuten\u00e7\u00e3o nos \u00faltimos meses ocasionou os diversos problemas do \u00faltimo final de semana<\/em><\/p>\n\n\n\n<p>O grande volume de chuvas dos \u00faltimos dias, sobretudo, no s\u00e1bado, dia 9, trouxe \u00e0 tona diversos problemas estruturais do munic\u00edpio, causados, sobretudo, por falta de manuten\u00e7\u00e3o e por servi\u00e7os irregulares ou n\u00e3o conclu\u00eddos nos \u00faltimos meses. Bueiros entupidos, asfaltos com material de baixa qualidade e rede fluvial polu\u00edda foram algumas das dificuldades encontradas pela atual gest\u00e3o, atrav\u00e9s da Secretaria Municipal de Obras.<\/p>\n\n\n\n<p>Os principais problemas provocados pelas chuvas do \u00faltimo final de semana em Pedro Leopoldo foram alagamentos em resid\u00eancias, movimento de solo com barrancos cedidos, asfaltos danificados (buracos nas vias) e transbordo da lagoa de Lagoa de Santo Ant\u00f4nio. \u201cDe imediato estamos atuando na limpeza dos dispositivos de drenagem, limpeza das ruas, conscientiza\u00e7\u00e3o da popula\u00e7\u00e3o para o n\u00e3o lan\u00e7amento de res\u00edduos nas ruas, recomposi\u00e7\u00e3o das vias e abertura de dispositivos para o ideal encaminhamento das \u00e1guas pluviais\u201d, relatou o Secret\u00e1rio de Obras, Arnaldo Jansen.<\/p>\n\n\n\n<p>Segundo a Secretaria de Obras, as \u00e1reas de risco foram mapeadas e um trabalho de preven\u00e7\u00e3o e monitoramento das mesmas j\u00e1 foi iniciado. Os reparos est\u00e3o sendo feitos de acordo com a gravidade. \u201cO nosso objetivo \u00e9 atender todas as demandas o mais r\u00e1pido poss\u00edvel, sempre de acordo com a responsabilidade financeira do munic\u00edpio. O trabalho de recapeamento ser\u00e1 realizado ap\u00f3s o t\u00e9rmino do per\u00edodo chuvoso e faremos a manuten\u00e7\u00e3o deste servi\u00e7o\u201d, refor\u00e7ou Jansem.<\/p>\n\n\n\n<p>A atual administra\u00e7\u00e3o j\u00e1 solicitou tamb\u00e9m um levantamento completo das redes existentes para que se possa avaliar se est\u00e3o com o dimensionamento correto e, caso n\u00e3o estejam, que sejam feitas as corre\u00e7\u00f5es. As estradas rurais tamb\u00e9m est\u00e3o recebendo interven\u00e7\u00f5es para escoamento das \u00e1guas. \u201cEstamos tomando conhecimento de v\u00e1rios problemas de estrutura em diversos pontos da cidade e o que estamos vendo \u00e9 que teremos muito trabalho pela frente. Mas viemos para isto. Para melhorar o munic\u00edpio como um todo. E \u00e9 isso que faremos\u201d, concluiu a Prefeita Elo\u00edsa Helena.<\/p>\n","protected":false},"excerpt":{"rendered":"<p>A atual gest\u00e3o est\u00e1 identificando os pontos cr\u00edticos e resolvendo de imediato aqueles que trazem mais transtornos para a popula\u00e7\u00e3o. Falta de manuten\u00e7\u00e3o nos \u00faltimos meses ocasionou os diversos problemas do \u00faltimo final de semana O grande volume de chuvas dos \u00faltimos dias, sobretudo, no s\u00e1bado, dia 9, trouxe \u00e0 tona diversos problemas estruturais do &hellip; <a href=\"https:\/\/arquivo.pedroleopoldo.mg.gov.br\/?p=15583\" class=\"more-link\">Continuar lendo <span class=\"screen-reader-text\">Per\u00edodo chuvoso traz \u00e0 tona problemas estruturais do munic\u00edpio<\/span><\/a><\/p>\n","protected":false},"author":1,"featured_media":15590,"comment_status":"closed","ping_status":"closed","sticky":false,"template":"","format":"standard","meta":{"footnotes":""},"categories":[4],"tags":[],"_links":{"self":[{"href":"https:\/\/arquivo.pedroleopoldo.mg.gov.br\/index.php?rest_route=\/wp\/v2\/posts\/15583"}],"collection":[{"href":"https:\/\/arquivo.pedroleopoldo.mg.gov.br\/index.php?rest_route=\/wp\/v2\/posts"}],"about":[{"href":"https:\/\/arquivo.pedroleopoldo.mg.gov.br\/index.php?rest_route=\/wp\/v2\/types\/post"}],"author":[{"embeddable":true,"href":"https:\/\/arquivo.pedroleopoldo.mg.gov.br\/index.php?rest_route=\/wp\/v2\/users\/1"}],"replies":[{"embeddable":true,"href":"https:\/\/arquivo.pedroleopoldo.mg.gov.br\/index.php?rest_route=%2Fwp%2Fv2%2Fcomments&post=15583"}],"version-history":[{"count":0,"href":"https:\/\/arquivo.pedroleopoldo.mg.gov.br\/index.php?rest_route=\/wp\/v2\/posts\/15583\/revisions"}],"wp:featuredmedia":[{"embeddable":true,"href":"https:\/\/arquivo.pedroleopoldo.mg.gov.br\/index.php?rest_route=\/wp\/v2\/media\/15590"}],"wp:attachment":[{"href":"https:\/\/arquivo.pedroleopoldo.mg.gov.br\/index.php?rest_route=%2Fwp%2Fv2%2Fmedia&parent=15583"}],"wp:term":[{"taxonomy":"category","embeddable":true,"href":"https:\/\/arquivo.pedroleopoldo.mg.gov.br\/index.php?rest_route=%2Fwp%2Fv2%2Fcategories&post=15583"},{"taxonomy":"post_tag","embeddable":true,"href":"https:\/\/arquivo.pedroleopoldo.mg.gov.br\/index.php?rest_route=%2Fwp%2Fv2%2Ftags&post=15583"}],"curies":[{"name":"wp","href":"https:\/\/api.w.org\/{rel}","templated":true}]}}