{"id":15326,"date":"2021-01-04T15:16:36","date_gmt":"2021-01-04T18:16:36","guid":{"rendered":"http:\/\/pedroleopoldo.mg.gov.br\/?p=15326"},"modified":"2021-01-04T17:08:03","modified_gmt":"2021-01-04T20:08:03","slug":"atual-administracao-apresenta-seu-secretariado","status":"publish","type":"post","link":"https:\/\/arquivo.pedroleopoldo.mg.gov.br\/?p=15326","title":{"rendered":"Atual administra\u00e7\u00e3o apresenta seu secretariado"},"content":{"rendered":"\n<p>Eleita para a gest\u00e3o 2021-2024, a prefeita Elo\u00edsa Helena definiu os nomes que ir\u00e3o gerenciar as pastas da atual administra\u00e7\u00e3o, ao lado de sua vice, Ana Paula Santos. Os novos secret\u00e1rios foram escolhidos criteriosamente, tendo como foco, principalmente, curr\u00edculos e experi\u00eancia profissional. &#8220;Escolhemos pessoas de extrema compet\u00eancia e qualidade profissionais e estamos convictos que este grupo tem tudo pra fazer Pedro Leopoldo crescer em todos os sentidos. A qualifica\u00e7\u00e3o deste secretariado, aliada \u00e0 vontade de todos n\u00f3s de trabalhar com afinco por nossa cidade, certamente trar\u00e3o \u00f3timos resultados pro munic\u00edpio&#8221;, disse a prefeita Elo\u00edsa.<br><br>Veja abaixo a rela\u00e7\u00e3o completa dos novos secret\u00e1rios municipais de Pedro Leopoldo:<\/p>\n\n\n\n<p>Ana Paula Santos Pereira (interinamente) \u2013 Secret\u00e1ria de Planejamento Urbano<br>\u00c2ngelo Tadeu Viana Pereira \u2013 Chefe de Gabinete<br>Ant\u00f4nio Cardoso Siqueira \u2013 Secret\u00e1rio de Seguran\u00e7a<br>Arnaldo Jansen Pantuza \u2013 Secret\u00e1rio de Obras<br>Cl\u00e1udia Maria Resende \u2013 Secret\u00e1ria de Educa\u00e7\u00e3o<br>Cristiano Fonseca Pereira \u2013 Procuradoria Jur\u00eddica<br>Cynthia Salom\u00e3o Bastos Faria \u2013 Secret\u00e1ria de Desenvolvimento Social<br>H\u00e9lio Renato N\u00e9ri \u2013 Secret\u00e1rio de Sa\u00fade<br>Marcos Felipe Silva Batista \u2013 Secret\u00e1rio de Administra\u00e7\u00e3o<br>Mauro Lobato Martins \u2013 Secret\u00e1rio de Meio Ambiente<br>Patr\u00edcia Rafael Perdig\u00e3o \u2013 Secret\u00e1ria de Cultura <br>Silvano Oliveira de Minas &#8211; Secret\u00e1rio de Fazenda<br>Valter Labanca \u2013 Controladoria<\/p>\n\n\n\n<p><\/p>\n\n\n\n<p><br><br><\/p>\n","protected":false},"excerpt":{"rendered":"<p>Eleita para a gest\u00e3o 2021-2024, a prefeita Elo\u00edsa Helena definiu os nomes que ir\u00e3o gerenciar as pastas da atual administra\u00e7\u00e3o, ao lado de sua vice, Ana Paula Santos. Os novos secret\u00e1rios foram escolhidos criteriosamente, tendo como foco, principalmente, curr\u00edculos e experi\u00eancia profissional. &#8220;Escolhemos pessoas de extrema compet\u00eancia e qualidade profissionais e estamos convictos que este &hellip; <a href=\"https:\/\/arquivo.pedroleopoldo.mg.gov.br\/?p=15326\" class=\"more-link\">Continuar lendo <span class=\"screen-reader-text\">Atual administra\u00e7\u00e3o apresenta seu secretariado<\/span><\/a><\/p>\n","protected":false},"author":1,"featured_media":15327,"comment_status":"closed","ping_status":"closed","sticky":false,"template":"","format":"standard","meta":{"footnotes":""},"categories":[4],"tags":[],"_links":{"self":[{"href":"https:\/\/arquivo.pedroleopoldo.mg.gov.br\/index.php?rest_route=\/wp\/v2\/posts\/15326"}],"collection":[{"href":"https:\/\/arquivo.pedroleopoldo.mg.gov.br\/index.php?rest_route=\/wp\/v2\/posts"}],"about":[{"href":"https:\/\/arquivo.pedroleopoldo.mg.gov.br\/index.php?rest_route=\/wp\/v2\/types\/post"}],"author":[{"embeddable":true,"href":"https:\/\/arquivo.pedroleopoldo.mg.gov.br\/index.php?rest_route=\/wp\/v2\/users\/1"}],"replies":[{"embeddable":true,"href":"https:\/\/arquivo.pedroleopoldo.mg.gov.br\/index.php?rest_route=%2Fwp%2Fv2%2Fcomments&post=15326"}],"version-history":[{"count":0,"href":"https:\/\/arquivo.pedroleopoldo.mg.gov.br\/index.php?rest_route=\/wp\/v2\/posts\/15326\/revisions"}],"wp:featuredmedia":[{"embeddable":true,"href":"https:\/\/arquivo.pedroleopoldo.mg.gov.br\/index.php?rest_route=\/wp\/v2\/media\/15327"}],"wp:attachment":[{"href":"https:\/\/arquivo.pedroleopoldo.mg.gov.br\/index.php?rest_route=%2Fwp%2Fv2%2Fmedia&parent=15326"}],"wp:term":[{"taxonomy":"category","embeddable":true,"href":"https:\/\/arquivo.pedroleopoldo.mg.gov.br\/index.php?rest_route=%2Fwp%2Fv2%2Fcategories&post=15326"},{"taxonomy":"post_tag","embeddable":true,"href":"https:\/\/arquivo.pedroleopoldo.mg.gov.br\/index.php?rest_route=%2Fwp%2Fv2%2Ftags&post=15326"}],"curies":[{"name":"wp","href":"https:\/\/api.w.org\/{rel}","templated":true}]}}